{"id":1,"date":"2012-12-05T11:00:16","date_gmt":"2012-12-05T11:00:16","guid":{"rendered":"http:\/\/eerrtierraestella.educacion.navarra.es\/diaeerrestella\/?p=1"},"modified":"2013-10-23T12:10:54","modified_gmt":"2013-10-23T10:10:54","slug":"hola-mundo","status":"publish","type":"post","link":"https:\/\/eerrtierraestella.educacion.navarra.es\/diaeerrestella\/2012\/12\/05\/hola-mundo\/","title":{"rendered":"Bienvenidos\/as"},"content":{"rendered":"<p>Las escuelas rurales de Tierra Estella (Ab\u00e1rzuza, Allo, Arr\u00f3niz, Dicastillo, Lez\u00e1un, Murieta, \u00a0 \u00a0Oteiza y Villatuerta) hemos creado este blog para publicar todo lo referente a la celebraci\u00f3n del d\u00eda de las Escuelas Rurales de Tierra Estella. Nuestra intenci\u00f3n es que cada a\u00f1o se celebre en un pueblo con escuela rural.<\/p>\n<p>Decidimos que celebrar un d\u00eda de escuelas rurales era importante para nuestro alumnado y profesorado. Es un d\u00eda donde conviven alumnado y profesorado de varios centros, se conocen, se divierten y visitan uno de los pueblos de Tierra Estella.<\/p>\n<p>Es una forma de divulgar la importancia de la escuela rural en los pueblos.<\/p>\n<p>Este curso 2012-2013 ya hemos celebrado el primer d\u00eda de las Escuelas Rurales de Tierra Estella en \u00a0Murieta y Anc\u00edn, d\u00f3nde el alumnado pudo disfrutar de un paseo por la v\u00eda verde.<\/p>\n<p>El pr\u00f3ximo curso celebraremos el segundo d\u00eda de las Escuelas Rurales en Arr\u00f3niz.<\/p>\n<p>&nbsp;<\/p>\n","protected":false},"excerpt":{"rendered":"<p>Las escuelas rurales de Tierra Estella (Ab\u00e1rzuza, Allo, Arr\u00f3niz, Dicastillo, Lez\u00e1un, Murieta, \u00a0 \u00a0Oteiza y Villatuerta) hemos creado este blog para publicar todo lo referente a la celebraci\u00f3n del d\u00eda de las Escuelas Rurales de Tierra Estella. Nuestra intenci\u00f3n es &hellip; <a href=\"https:\/\/eerrtierraestella.educacion.navarra.es\/diaeerrestella\/2012\/12\/05\/hola-mundo\/\">Sigue leyendo <span class=\"meta-nav\">&rarr;<\/span><\/a><\/p>\n","protected":false},"author":7,"featured_media":0,"comment_status":"open","ping_status":"open","sticky":false,"template":"","format":"standard","meta":[],"categories":[3],"tags":[7,8,9,6,10,4,11,12,13,5,14],"_links":{"self":[{"href":"https:\/\/eerrtierraestella.educacion.navarra.es\/diaeerrestella\/wp-json\/wp\/v2\/posts\/1"}],"collection":[{"href":"https:\/\/eerrtierraestella.educacion.navarra.es\/diaeerrestella\/wp-json\/wp\/v2\/posts"}],"about":[{"href":"https:\/\/eerrtierraestella.educacion.navarra.es\/diaeerrestella\/wp-json\/wp\/v2\/types\/post"}],"author":[{"embeddable":true,"href":"https:\/\/eerrtierraestella.educacion.navarra.es\/diaeerrestella\/wp-json\/wp\/v2\/users\/7"}],"replies":[{"embeddable":true,"href":"https:\/\/eerrtierraestella.educacion.navarra.es\/diaeerrestella\/wp-json\/wp\/v2\/comments?post=1"}],"version-history":[{"count":6,"href":"https:\/\/eerrtierraestella.educacion.navarra.es\/diaeerrestella\/wp-json\/wp\/v2\/posts\/1\/revisions"}],"predecessor-version":[{"id":51,"href":"https:\/\/eerrtierraestella.educacion.navarra.es\/diaeerrestella\/wp-json\/wp\/v2\/posts\/1\/revisions\/51"}],"wp:attachment":[{"href":"https:\/\/eerrtierraestella.educacion.navarra.es\/diaeerrestella\/wp-json\/wp\/v2\/media?parent=1"}],"wp:term":[{"taxonomy":"category","embeddable":true,"href":"https:\/\/eerrtierraestella.educacion.navarra.es\/diaeerrestella\/wp-json\/wp\/v2\/categories?post=1"},{"taxonomy":"post_tag","embeddable":true,"href":"https:\/\/eerrtierraestella.educacion.navarra.es\/diaeerrestella\/wp-json\/wp\/v2\/tags?post=1"}],"curies":[{"name":"wp","href":"https:\/\/api.w.org\/{rel}","templated":true}]}}